{"id":1688,"date":"2020-09-22T08:00:59","date_gmt":"2020-09-22T06:00:59","guid":{"rendered":"https:\/\/www.green-y.ch\/green-y-energy-ag-leve-fr-825000-de-capital-de-depart\/"},"modified":"2024-04-30T15:32:12","modified_gmt":"2024-04-30T13:32:12","slug":"green-y-energy-ag-leve-fr-825000-de-capital-de-depart","status":"publish","type":"post","link":"https:\/\/green-y.ch\/fr\/green-y-energy-ag-leve-fr-825000-de-capital-de-depart\/","title":{"rendered":"Green-Y Energy AG l\u00e8ve Fr. 825&#8217;000 de capital de d\u00e9part"},"content":{"rendered":"<div class=\"fusion-fullwidth fullwidth-box fusion-builder-row-1 fusion-flex-container has-pattern-background has-mask-background nonhundred-percent-fullwidth non-hundred-percent-height-scrolling\" style=\"--awb-border-radius-top-left:0px;--awb-border-radius-top-right:0px;--awb-border-radius-bottom-right:0px;--awb-border-radius-bottom-left:0px;--awb-padding-bottom:0px;--awb-margin-top:30px;--awb-margin-bottom:30px;--awb-flex-wrap:wrap;\" ><div class=\"fusion-builder-row fusion-row fusion-flex-align-items-flex-start fusion-flex-justify-content-center fusion-flex-content-wrap\" style=\"max-width:1248px;margin-left: calc(-4% \/ 2 );margin-right: calc(-4% \/ 2 );\"><div class=\"fusion-layout-column fusion_builder_column fusion-builder-column-0 fusion_builder_column_1_1 1_1 fusion-flex-column\" style=\"--awb-bg-blend:overlay;--awb-bg-size:cover;--awb-width-large:100%;--awb-margin-top-large:0px;--awb-spacing-right-large:1.92%;--awb-margin-bottom-large:20px;--awb-spacing-left-large:1.92%;--awb-width-medium:100%;--awb-order-medium:0;--awb-spacing-right-medium:1.92%;--awb-spacing-left-medium:1.92%;--awb-width-small:100%;--awb-order-small:0;--awb-spacing-right-small:1.92%;--awb-spacing-left-small:1.92%;\" data-scroll-devices=\"small-visibility,medium-visibility,large-visibility\"><div class=\"fusion-column-wrapper fusion-column-has-shadow fusion-flex-justify-content-flex-start fusion-content-layout-column\"><div class=\"fusion-title title fusion-title-1 fusion-sep-none fusion-title-center fusion-title-text fusion-title-size-one\" style=\"--awb-margin-top:40px;--awb-margin-bottom:0px;\"><h1 class=\"fusion-title-heading title-heading-center fusion-responsive-typography-calculated\" style=\"margin:0;--fontSize:64;line-height:var(--awb-typography1-line-height);\">Green-Y Energy AG l\u00e8ve Fr. 825&#8217;000 de capital de d\u00e9part<\/h1><\/div><div class=\"fusion-image-element \" style=\"text-align:center;--awb-margin-top:15px;--awb-caption-title-font-family:var(--h2_typography-font-family);--awb-caption-title-font-weight:var(--h2_typography-font-weight);--awb-caption-title-font-style:var(--h2_typography-font-style);--awb-caption-title-size:var(--h2_typography-font-size);--awb-caption-title-transform:var(--h2_typography-text-transform);--awb-caption-title-line-height:var(--h2_typography-line-height);--awb-caption-title-letter-spacing:var(--h2_typography-letter-spacing);\"><span class=\" fusion-imageframe imageframe-none imageframe-1 hover-type-none\"><img decoding=\"async\" width=\"831\" height=\"629\" title=\"News Green Y Erhaelt Seed Capital\" src=\"https:\/\/green-y.ch\/wp-content\/uploads\/news-green-y-erhaelt-seed-capital.jpg\" alt class=\"img-responsive wp-image-1689\" srcset=\"https:\/\/green-y.ch\/wp-content\/uploads\/news-green-y-erhaelt-seed-capital-200x151.jpg 200w, https:\/\/green-y.ch\/wp-content\/uploads\/news-green-y-erhaelt-seed-capital-400x303.jpg 400w, https:\/\/green-y.ch\/wp-content\/uploads\/news-green-y-erhaelt-seed-capital-600x454.jpg 600w, https:\/\/green-y.ch\/wp-content\/uploads\/news-green-y-erhaelt-seed-capital-800x606.jpg 800w, https:\/\/green-y.ch\/wp-content\/uploads\/news-green-y-erhaelt-seed-capital.jpg 831w\" sizes=\"(max-width: 640px) 100vw, 831px\" \/><\/span><\/div><\/div><\/div><div class=\"fusion-layout-column fusion_builder_column fusion-builder-column-1 fusion_builder_column_2_3 2_3 fusion-flex-column\" style=\"--awb-bg-blend:overlay;--awb-bg-size:cover;--awb-width-large:66.666666666667%;--awb-margin-top-large:30px;--awb-spacing-right-large:2.88%;--awb-margin-bottom-large:60px;--awb-spacing-left-large:2.88%;--awb-width-medium:66.666666666667%;--awb-spacing-right-medium:2.88%;--awb-spacing-left-medium:2.88%;--awb-width-small:100%;--awb-spacing-right-small:1.92%;--awb-spacing-left-small:1.92%;\"><div class=\"fusion-column-wrapper fusion-flex-justify-content-flex-start fusion-content-layout-column\"><div class=\"fusion-text fusion-text-1\"><p>22.09.2020 \u217c Hasle b. Burgdorf<\/p>\n<\/div><div class=\"fusion-text fusion-text-2\"><p><strong><em>Green-Y Energy SA l\u00e8ve Fr. 825'000 de capital de d\u00e9part pour r\u00e9aliser son premier projet pilote et acc\u00e9l\u00e9rer son entr\u00e9e sur le march\u00e9. Cette technologie en attente de brevet combine le chauffage et le refroidissement avec un accumulateur d'air comprim\u00e9 en un seul appareil et r\u00e9volutionne le secteur de l'\u00e9nergie.<\/em><\/strong><\/p>\n<\/div><div class=\"fusion-text fusion-text-3\"><h2><strong>Le tour d'amor\u00e7age est financ\u00e9 par un groupe diversifi\u00e9 d'investisseurs et de subventions provenant de l'\u00e9cosyst\u00e8me suisse des start-ups.<\/strong><\/h2>\n<p>Trois business angels priv\u00e9s suisses et un \u00e9tablissement financier suisse mettent ensemble un montant de Fr. 425'000. Ils soutiendront l'\u00e9quipe dans les domaines de la strat\u00e9gie et du d\u00e9veloppement commercial et seront nomm\u00e9s au conseil d'administration. Le tour de financement a \u00e9t\u00e9 compl\u00e9t\u00e9 par des fonds non dilutifs d'un montant de Fr. 400'000, fournis par la Fondation Suisse pour le Climat, la Promotion \u00e9conomique de Berne et la Fondation pour l'innovation technologique.<\/p>\n<p>Green-Y a collabor\u00e9 avec BV4 Ltd pour la collecte de fonds. En outre, Green-Y est ou a \u00e9t\u00e9 inscrit dans les programmes et acc\u00e9l\u00e9rateurs suivants : Innosuisse Coaching, be-advanced Challenge et Highflyer, Swiss Innovation Challenge, SEIF Award, Swiss Cleantech, Venturelab Workshops. Nous vous remercions tous pour votre formidable soutien.<\/p>\n<h2><strong>Green-Y fournit la solution pour une transition \u00e9nerg\u00e9tique rentable et durable.<\/strong><\/h2>\n<p>Pour r\u00e9ussir la transition \u00e9nerg\u00e9tique, les \u00e9nergies renouvelables doivent \u00eatre int\u00e9gr\u00e9es \u00e0 grande \u00e9chelle. La production d'\u00e9lectricit\u00e9 \u00e0 partir de sources d'\u00e9nergie renouvelables, telles que l'\u00e9nergie \u00e9olienne et solaire, est d\u00e9j\u00e0 comp\u00e9titive, mais il est n\u00e9cessaire de disposer de syst\u00e8mes de stockage d'\u00e9lectricit\u00e9 peu co\u00fbteux pour que l'\u00e9lectricit\u00e9 soit disponible 24 heures sur 24. En outre, les combustibles fossiles doivent \u00eatre remplac\u00e9s dans le secteur du chauffage et du refroidissement, tr\u00e8s gourmand en \u00e9nergie.<\/p>\n<p>Green-Y offre une solution deux en un pour les deux d\u00e9fis, avec un avantage consid\u00e9rable en termes de rentabilit\u00e9 et de durabilit\u00e9 par rapport aux solutions modernes que sont les batteries et les pompes \u00e0 chaleur. Un rendement combin\u00e9 \u00e9lev\u00e9 et une longue dur\u00e9e de vie se traduisent par des p\u00e9riodes d'amortissement d'environ 7 ans. De plus, le syst\u00e8me fonctionne uniquement avec de l'air et de l'eau et est recyclable \u00e0 100 %.<\/p>\n<h2><strong>La prochaine \u00e9tape importante est la r\u00e9alisation du premier projet pilote sur place, chez le client.<\/strong><\/h2>\n<p>\"Ce tour d'amor\u00e7age nous permet de faire \u00e9voluer la technologie et de passer du laboratoire au monde r\u00e9el\", explique le cofondateur et CEO Rafik Barhoumi. Le syst\u00e8me pilote sera install\u00e9 d\u00e9but 2021 dans un nouvel immeuble de bureaux et devrait permettre de r\u00e9duire les co\u00fbts de l'\u00e9lectricit\u00e9 de pointe. La rentabilit\u00e9 du cas d'utilisation a \u00e9t\u00e9 valid\u00e9e en collaboration avec des universit\u00e9s et des entreprises.<\/p>\n<p>Le lancement commercial de la premi\u00e8re g\u00e9n\u00e9ration est pr\u00e9vu pour fin 2021. Deux des quatre projets pr\u00e9vus pour 2021 ont d\u00e9j\u00e0 \u00e9t\u00e9 sign\u00e9s. Il s'agira de l'\u00e9tape la plus importante pour d\u00e9montrer l'ad\u00e9quation du produit au march\u00e9 et pour entrer sur le march\u00e9.<\/p>\n<h2><strong>L'\u00e9quipe r\u00e9unit des comp\u00e9tences dans les domaines de la technique, de l'\u00e9conomie et de la cr\u00e9ation d'entreprise.<\/strong><\/h2>\n<p>Depuis fin 2017, les quatre cofondateurs Rafik Barhoumi, Patrick Baumann, Peter Fritzen et Dominik Schnarwiler ont d\u00e9velopp\u00e9 le futur syst\u00e8me de stockage d'\u00e9nergie et fond\u00e9 Green-Y Energy AG en mars 2020. Son parcours \u00e0 l'EPFZ et en tant qu'ing\u00e9nieur, combin\u00e9 \u00e0 un bagage en gestion d'entreprise, \u00e0 plus de 20 ans d'exp\u00e9rience dans le secteur et \u00e0 la r\u00e9ussite d'une start-up dans le domaine de l'\u00e9nergie, constitue une base solide pour l'initiative.<\/p>\n<h2><strong>Contact avec la presse<\/strong><\/h2>\n<p>Green-Y Energie AG<\/p>\n<p>Peter Fritzen<\/p>\n<p>press@green-y.ch<\/p>\n<\/div><\/div><\/div><\/div><\/div>\n","protected":false},"excerpt":{"rendered":"<p>Green-Y Energy SA l\u00e8ve Fr. 825&#8217;000 de capital de d\u00e9part pour r\u00e9aliser son premier projet pilote et acc\u00e9l\u00e9rer son entr\u00e9e sur le march\u00e9.<\/p>\n","protected":false},"author":1,"featured_media":1689,"comment_status":"open","ping_status":"open","sticky":false,"template":"","format":"standard","meta":{"footnotes":""},"categories":[47,49],"tags":[],"class_list":["post-1688","post","type-post","status-publish","format-standard","has-post-thumbnail","hentry","category-investisseurs","category-presse-fr"],"aioseo_notices":[],"_links":{"self":[{"href":"https:\/\/green-y.ch\/fr\/wp-json\/wp\/v2\/posts\/1688","targetHints":{"allow":["GET"]}}],"collection":[{"href":"https:\/\/green-y.ch\/fr\/wp-json\/wp\/v2\/posts"}],"about":[{"href":"https:\/\/green-y.ch\/fr\/wp-json\/wp\/v2\/types\/post"}],"author":[{"embeddable":true,"href":"https:\/\/green-y.ch\/fr\/wp-json\/wp\/v2\/users\/1"}],"replies":[{"embeddable":true,"href":"https:\/\/green-y.ch\/fr\/wp-json\/wp\/v2\/comments?post=1688"}],"version-history":[{"count":2,"href":"https:\/\/green-y.ch\/fr\/wp-json\/wp\/v2\/posts\/1688\/revisions"}],"predecessor-version":[{"id":1691,"href":"https:\/\/green-y.ch\/fr\/wp-json\/wp\/v2\/posts\/1688\/revisions\/1691"}],"wp:featuredmedia":[{"embeddable":true,"href":"https:\/\/green-y.ch\/fr\/wp-json\/wp\/v2\/media\/1689"}],"wp:attachment":[{"href":"https:\/\/green-y.ch\/fr\/wp-json\/wp\/v2\/media?parent=1688"}],"wp:term":[{"taxonomy":"category","embeddable":true,"href":"https:\/\/green-y.ch\/fr\/wp-json\/wp\/v2\/categories?post=1688"},{"taxonomy":"post_tag","embeddable":true,"href":"https:\/\/green-y.ch\/fr\/wp-json\/wp\/v2\/tags?post=1688"}],"curies":[{"name":"wp","href":"https:\/\/api.w.org\/{rel}","templated":true}]}}